{"id":1041,"date":"2020-04-15T16:09:00","date_gmt":"2020-04-15T16:09:00","guid":{"rendered":"https:\/\/smart2charge.hftstuttgart.hostpress.me\/?p=1041"},"modified":"2022-09-14T10:27:30","modified_gmt":"2022-09-14T10:27:30","slug":"naechstes-forschungsprojekt-in-wuestenrot-befasst-sich-mit-e-mobilitaet","status":"publish","type":"post","link":"https:\/\/smart2charge.hftstuttgart.hostpress.me\/?p=1041","title":{"rendered":"N\u00e4chstes Forschungsprojekt in W\u00fcstenrot befasst sich mit E-Mobilit\u00e4t"},"content":{"rendered":"[et_pb_section admin_label=&#8220;section&#8220;]\n\t\t\t[et_pb_row admin_label=&#8220;row&#8220;]\n\t\t\t\t[et_pb_column type=&#8220;4_4&#8243;][et_pb_text admin_label=&#8220;Text&#8220;]\n<p>Artikel von Sabine Friedrichs f\u00fcr die Heilbronner Stimme <\/p>\n\n\n\n<p><a href=\"https:\/\/www.stimme.de\/regional\/landkreis-heilbronn\/nachrichten\/ost\/naechstes-forschungsprojekt-in-wuestenrot-befasst-sich-mit-e-mobilitaet-art-4343676\">https:\/\/www.stimme.de\/regional\/landkreis-heilbronn\/nachrichten\/ost\/naechstes-forschungsprojekt-in-wuestenrot-befasst-sich-mit-e-mobilitaet-art-4343676<\/a><\/p>\n\n\n\n<figure class=\"wp-block-image size-full\"><img loading=\"lazy\" decoding=\"async\" width=\"702\" height=\"848\" src=\"https:\/\/smart2charge.hftstuttgart.hostpress.me\/wp-content\/uploads\/2022\/08\/stimme.de-Heilbronner-Stimme-vom-14.04.2020-SABINE-FRIEDRICHS-1.jpg\" alt=\"\" class=\"wp-image-1042\" srcset=\"https:\/\/smart2charge.hftstuttgart.hostpress.me\/wp-content\/uploads\/2022\/08\/stimme.de-Heilbronner-Stimme-vom-14.04.2020-SABINE-FRIEDRICHS-1.jpg 702w, https:\/\/smart2charge.hftstuttgart.hostpress.me\/wp-content\/uploads\/2022\/08\/stimme.de-Heilbronner-Stimme-vom-14.04.2020-SABINE-FRIEDRICHS-1-480x580.jpg 480w\" sizes=\"(min-width: 0px) and (max-width: 480px) 480px, (min-width: 481px) 702px, 100vw\" \/><\/figure>\n\n\n\n<figure class=\"wp-block-image size-full\"><img loading=\"lazy\" decoding=\"async\" width=\"771\" height=\"277\" src=\"https:\/\/smart2charge.hftstuttgart.hostpress.me\/wp-content\/uploads\/2022\/08\/stimme.de-Heilbronner-Stimme-vom-14.04.2020-SABINE-FRIEDRICHS-2.jpg\" alt=\"\" class=\"wp-image-1043\" srcset=\"https:\/\/smart2charge.hftstuttgart.hostpress.me\/wp-content\/uploads\/2022\/08\/stimme.de-Heilbronner-Stimme-vom-14.04.2020-SABINE-FRIEDRICHS-2.jpg 771w, https:\/\/smart2charge.hftstuttgart.hostpress.me\/wp-content\/uploads\/2022\/08\/stimme.de-Heilbronner-Stimme-vom-14.04.2020-SABINE-FRIEDRICHS-2-480x172.jpg 480w\" sizes=\"(min-width: 0px) and (max-width: 480px) 480px, (min-width: 481px) 771px, 100vw\" \/><\/figure>\n[\/et_pb_text][\/et_pb_column]\n\t\t\t[\/et_pb_row]\n\t\t[\/et_pb_section]","protected":false},"excerpt":{"rendered":"<p>Artikel von Sabine Friedrichs f\u00fcr die Heilbronner Stimme https:\/\/www.stimme.de\/regional\/landkreis-heilbronn\/nachrichten\/ost\/naechstes-forschungsprojekt-in-wuestenrot-befasst-sich-mit-e-mobilitaet-art-4343676<\/p>\n","protected":false},"author":4,"featured_media":0,"comment_status":"closed","ping_status":"closed","sticky":false,"template":"","format":"standard","meta":{"_et_pb_use_builder":"on","_et_pb_old_content":"<!-- wp:paragraph -->\n<p>Artikel von Sabine Friedrichs f\u00fcr die Heilbronner Stimme <\/p>\n<!-- \/wp:paragraph -->\n\n<!-- wp:paragraph -->\n<p><a href=\"https:\/\/www.stimme.de\/regional\/landkreis-heilbronn\/nachrichten\/ost\/naechstes-forschungsprojekt-in-wuestenrot-befasst-sich-mit-e-mobilitaet-art-4343676\">https:\/\/www.stimme.de\/regional\/landkreis-heilbronn\/nachrichten\/ost\/naechstes-forschungsprojekt-in-wuestenrot-befasst-sich-mit-e-mobilitaet-art-4343676<\/a><\/p>\n<!-- \/wp:paragraph -->\n\n<!-- wp:image {\"id\":1042,\"sizeSlug\":\"full\",\"linkDestination\":\"none\"} -->\n<figure class=\"wp-block-image size-full\"><img src=\"https:\/\/smart2charge.hftstuttgart.hostpress.me\/wp-content\/uploads\/2022\/08\/stimme.de-Heilbronner-Stimme-vom-14.04.2020-SABINE-FRIEDRICHS-1.jpg\" alt=\"\" class=\"wp-image-1042\"\/><\/figure>\n<!-- \/wp:image -->\n\n<!-- wp:image {\"id\":1043,\"sizeSlug\":\"full\",\"linkDestination\":\"none\"} -->\n<figure class=\"wp-block-image size-full\"><img src=\"https:\/\/smart2charge.hftstuttgart.hostpress.me\/wp-content\/uploads\/2022\/08\/stimme.de-Heilbronner-Stimme-vom-14.04.2020-SABINE-FRIEDRICHS-2.jpg\" alt=\"\" class=\"wp-image-1043\"\/><\/figure>\n<!-- \/wp:image -->","_et_gb_content_width":"","footnotes":""},"categories":[2,1],"tags":[],"class_list":["post-1041","post","type-post","status-publish","format-standard","hentry","category-online","category-print"],"_links":{"self":[{"href":"https:\/\/smart2charge.hftstuttgart.hostpress.me\/index.php?rest_route=\/wp\/v2\/posts\/1041","targetHints":{"allow":["GET"]}}],"collection":[{"href":"https:\/\/smart2charge.hftstuttgart.hostpress.me\/index.php?rest_route=\/wp\/v2\/posts"}],"about":[{"href":"https:\/\/smart2charge.hftstuttgart.hostpress.me\/index.php?rest_route=\/wp\/v2\/types\/post"}],"author":[{"embeddable":true,"href":"https:\/\/smart2charge.hftstuttgart.hostpress.me\/index.php?rest_route=\/wp\/v2\/users\/4"}],"replies":[{"embeddable":true,"href":"https:\/\/smart2charge.hftstuttgart.hostpress.me\/index.php?rest_route=%2Fwp%2Fv2%2Fcomments&post=1041"}],"version-history":[{"count":2,"href":"https:\/\/smart2charge.hftstuttgart.hostpress.me\/index.php?rest_route=\/wp\/v2\/posts\/1041\/revisions"}],"predecessor-version":[{"id":1101,"href":"https:\/\/smart2charge.hftstuttgart.hostpress.me\/index.php?rest_route=\/wp\/v2\/posts\/1041\/revisions\/1101"}],"wp:attachment":[{"href":"https:\/\/smart2charge.hftstuttgart.hostpress.me\/index.php?rest_route=%2Fwp%2Fv2%2Fmedia&parent=1041"}],"wp:term":[{"taxonomy":"category","embeddable":true,"href":"https:\/\/smart2charge.hftstuttgart.hostpress.me\/index.php?rest_route=%2Fwp%2Fv2%2Fcategories&post=1041"},{"taxonomy":"post_tag","embeddable":true,"href":"https:\/\/smart2charge.hftstuttgart.hostpress.me\/index.php?rest_route=%2Fwp%2Fv2%2Ftags&post=1041"}],"curies":[{"name":"wp","href":"https:\/\/api.w.org\/{rel}","templated":true}]}}