{"id":1023,"date":"2020-03-06T15:07:00","date_gmt":"2020-03-06T15:07:00","guid":{"rendered":"https:\/\/smart2charge.hftstuttgart.hostpress.me\/?p=1023"},"modified":"2022-09-14T10:27:13","modified_gmt":"2022-09-14T10:27:13","slug":"smart2charge-innovative-e-mobilitaet-im-laendlichen-raum","status":"publish","type":"post","link":"https:\/\/smart2charge.hftstuttgart.hostpress.me\/?p=1023","title":{"rendered":"smart2charge &#8211; innovative E-Mobilit\u00e4t im l\u00e4ndlichen Raum"},"content":{"rendered":"[et_pb_section admin_label=&#8220;section&#8220;]\n\t\t\t[et_pb_row admin_label=&#8220;row&#8220;]\n\t\t\t\t[et_pb_column type=&#8220;4_4&#8243;][et_pb_text admin_label=&#8220;Text&#8220;]\n<figure class=\"wp-block-embed is-type-wp-embed is-provider-elektromobilitat-heilbronn-franken-e-v wp-block-embed-elektromobilitat-heilbronn-franken-e-v\"><div class=\"wp-block-embed__wrapper\">\n<blockquote class=\"wp-embedded-content\" data-secret=\"Wa3TEsIpP3\"><a href=\"https:\/\/emobil-heilbronn-franken.de\/2020\/03\/06\/smart2charge-innovative-e-mobilitaet-fuer-den-laendlichen-raum\/\">Smart2Charge \u2013 innovative E-Mobilit\u00e4t f\u00fcr den l\u00e4ndlichen Raum<\/a><\/blockquote><iframe loading=\"lazy\" class=\"wp-embedded-content\" sandbox=\"allow-scripts\" security=\"restricted\" style=\"position: absolute; clip: rect(1px, 1px, 1px, 1px);\" title=\"&#8222;Smart2Charge \u2013 innovative E-Mobilit\u00e4t f\u00fcr den l\u00e4ndlichen Raum&#8220; &#8212; Elektromobilit\u00e4t Heilbronn-Franken e.V.\" src=\"https:\/\/emobil-heilbronn-franken.de\/2020\/03\/06\/smart2charge-innovative-e-mobilitaet-fuer-den-laendlichen-raum\/embed\/#?secret=Wa3TEsIpP3\" data-secret=\"Wa3TEsIpP3\" width=\"600\" height=\"338\" frameborder=\"0\" marginwidth=\"0\" marginheight=\"0\" scrolling=\"no\"><\/iframe>\n<\/div><figcaption>6. M\u00e4rz 2020 Posted by <a href=\"https:\/\/emobil-heilbronn-franken.de\/author\/michael\/\">Michael<\/a><\/figcaption><\/figure>\n[\/et_pb_text][\/et_pb_column]\n\t\t\t[\/et_pb_row]\n\t\t[\/et_pb_section]","protected":false},"excerpt":{"rendered":"<p>https:\/\/emobil-heilbronn-franken.de\/2020\/03\/06\/smart2charge-innovative-e-mobilitaet-fuer-den-laendlichen-raum\/ 6. M\u00e4rz 2020 Posted by Michael<\/p>\n","protected":false},"author":4,"featured_media":0,"comment_status":"closed","ping_status":"closed","sticky":false,"template":"","format":"standard","meta":{"_et_pb_use_builder":"on","_et_pb_old_content":"<!-- wp:embed {\"url\":\"https:\/\/emobil-heilbronn-franken.de\/2020\/03\/06\/smart2charge-innovative-e-mobilitaet-fuer-den-laendlichen-raum\/\",\"type\":\"wp-embed\",\"providerNameSlug\":\"elektromobilitat-heilbronn-franken-e-v\"} -->\n<figure class=\"wp-block-embed is-type-wp-embed is-provider-elektromobilitat-heilbronn-franken-e-v wp-block-embed-elektromobilitat-heilbronn-franken-e-v\"><div class=\"wp-block-embed__wrapper\">\nhttps:\/\/emobil-heilbronn-franken.de\/2020\/03\/06\/smart2charge-innovative-e-mobilitaet-fuer-den-laendlichen-raum\/\n<\/div><figcaption>6. M\u00e4rz 2020 Posted by <a href=\"https:\/\/emobil-heilbronn-franken.de\/author\/michael\/\">Michael<\/a><\/figcaption><\/figure>\n<!-- \/wp:embed -->","_et_gb_content_width":"","footnotes":""},"categories":[2],"tags":[],"class_list":["post-1023","post","type-post","status-publish","format-standard","hentry","category-online"],"_links":{"self":[{"href":"https:\/\/smart2charge.hftstuttgart.hostpress.me\/index.php?rest_route=\/wp\/v2\/posts\/1023","targetHints":{"allow":["GET"]}}],"collection":[{"href":"https:\/\/smart2charge.hftstuttgart.hostpress.me\/index.php?rest_route=\/wp\/v2\/posts"}],"about":[{"href":"https:\/\/smart2charge.hftstuttgart.hostpress.me\/index.php?rest_route=\/wp\/v2\/types\/post"}],"author":[{"embeddable":true,"href":"https:\/\/smart2charge.hftstuttgart.hostpress.me\/index.php?rest_route=\/wp\/v2\/users\/4"}],"replies":[{"embeddable":true,"href":"https:\/\/smart2charge.hftstuttgart.hostpress.me\/index.php?rest_route=%2Fwp%2Fv2%2Fcomments&post=1023"}],"version-history":[{"count":4,"href":"https:\/\/smart2charge.hftstuttgart.hostpress.me\/index.php?rest_route=\/wp\/v2\/posts\/1023\/revisions"}],"predecessor-version":[{"id":1100,"href":"https:\/\/smart2charge.hftstuttgart.hostpress.me\/index.php?rest_route=\/wp\/v2\/posts\/1023\/revisions\/1100"}],"wp:attachment":[{"href":"https:\/\/smart2charge.hftstuttgart.hostpress.me\/index.php?rest_route=%2Fwp%2Fv2%2Fmedia&parent=1023"}],"wp:term":[{"taxonomy":"category","embeddable":true,"href":"https:\/\/smart2charge.hftstuttgart.hostpress.me\/index.php?rest_route=%2Fwp%2Fv2%2Fcategories&post=1023"},{"taxonomy":"post_tag","embeddable":true,"href":"https:\/\/smart2charge.hftstuttgart.hostpress.me\/index.php?rest_route=%2Fwp%2Fv2%2Ftags&post=1023"}],"curies":[{"name":"wp","href":"https:\/\/api.w.org\/{rel}","templated":true}]}}